{"id":4510,"date":"2021-04-21T05:50:07","date_gmt":"2021-04-21T03:50:07","guid":{"rendered":"https:\/\/www.g-wie-gerry.de\/?p=4510"},"modified":"2025-12-13T23:56:45","modified_gmt":"2025-12-13T22:56:45","slug":"gerry-365-111-21-04-eine-besondere-schnapszahl-und-herzlichen-glueckwunsch","status":"publish","type":"post","link":"https:\/\/g-wie-gerry.de\/en\/gerry-365-111-21-04-eine-besondere-schnapszahl-und-herzlichen-glueckwunsch\/","title":{"rendered":"Gerry 365 #111: 21.04. \u2013 Eine besondere Schnapszahl und herzlichen Gl\u00fcckwunsch \u2026"},"content":{"rendered":"<p class=\"has-cyan-bluish-gray-color has-text-color\"><a href=\"http:\/\/bit.ly\/DG365-111\">Click here for english version<\/a><\/p>\n\n\n\n<div class=\"wp-block-image\"><figure class=\"alignleft size-large is-resized\"><img decoding=\"async\" src=\"https:\/\/www.g-wie-gerry.de\/wp-content\/uploads\/2020\/11\/gerry-1.png\" alt=\"\" class=\"wp-image-3071\" width=\"185\" height=\"185\" srcset=\"https:\/\/g-wie-gerry.de\/wp-content\/uploads\/2020\/11\/gerry-1.png 1000w, https:\/\/g-wie-gerry.de\/wp-content\/uploads\/2020\/11\/gerry-1-300x300.png 300w, https:\/\/g-wie-gerry.de\/wp-content\/uploads\/2020\/11\/gerry-1-150x150.png 150w, https:\/\/g-wie-gerry.de\/wp-content\/uploads\/2020\/11\/gerry-1-768x768.png 768w\" sizes=\"(max-width: 185px) 100vw, 185px\" \/><\/figure><\/div>\n\n\n\n<p class=\"has-drop-cap has-black-color has-text-color\"><span class=\"has-inline-color has-luminous-vivid-amber-color\">H<\/span>eute bin ich nicht allein. Denn heute, ist etwas ganz Besonderes. Und es gibt, neben mir, noch acht andere, tolle und pfottastische Menschen, die heute etwas Revue passieren lassen.<br>Und ich werde meine Worte heute erst ans Ende setzen und \u00fcberlasse die B\u00fchne nun \u2026.<\/p>\n\n\n\n<div class=\"wp-block-image\"><figure class=\"aligncenter size-large is-resized\"><img fetchpriority=\"high\" decoding=\"async\" src=\"https:\/\/www.g-wie-gerry.de\/wp-content\/uploads\/2021\/04\/3-1024x1024.png\" alt=\"\" class=\"wp-image-4511\" width=\"342\" height=\"342\" srcset=\"https:\/\/g-wie-gerry.de\/wp-content\/uploads\/2021\/04\/3-1024x1024.png 1024w, https:\/\/g-wie-gerry.de\/wp-content\/uploads\/2021\/04\/3-300x300.png 300w, https:\/\/g-wie-gerry.de\/wp-content\/uploads\/2021\/04\/3-150x150.png 150w, https:\/\/g-wie-gerry.de\/wp-content\/uploads\/2021\/04\/3-768x768.png 768w, https:\/\/g-wie-gerry.de\/wp-content\/uploads\/2021\/04\/3.png 1500w\" sizes=\"(max-width: 342px) 100vw, 342px\" \/><\/figure><\/div>\n\n\n\n<p class=\"has-black-color has-text-color\">Herzlichen Gl\u00fcckwunsch zum dreij\u00e4hrigen Bestehen meines Rudels und ich werde auch zu jedem Einzelnen etwas sagen. Die Reihenfolge der Nachrichten der Mitglieder ist nach deren Beitritt gerichtet. Au\u00dfer mein Text. Ich schlie\u00dfe den Blog ab. Also los geht es.<\/p>\n\n\n\n<hr class=\"wp-block-separator\"\/>\n\n\n\n<h2 class=\"has-text-align-center has-vivid-green-cyan-color has-text-color wp-block-heading\">Zino<\/h2>\n\n\n\n<div class=\"wp-block-image\"><figure class=\"alignright size-large is-resized\"><img decoding=\"async\" src=\"https:\/\/www.g-wie-gerry.de\/wp-content\/uploads\/2020\/11\/Zino.png\" alt=\"\" class=\"wp-image-3129\" width=\"185\" height=\"185\" srcset=\"https:\/\/g-wie-gerry.de\/wp-content\/uploads\/2020\/11\/Zino.png 1000w, https:\/\/g-wie-gerry.de\/wp-content\/uploads\/2020\/11\/Zino-300x300.png 300w, https:\/\/g-wie-gerry.de\/wp-content\/uploads\/2020\/11\/Zino-150x150.png 150w, https:\/\/g-wie-gerry.de\/wp-content\/uploads\/2020\/11\/Zino-768x768.png 768w\" sizes=\"(max-width: 185px) 100vw, 185px\" \/><\/figure><\/div>\n\n\n\n<p class=\"has-drop-cap has-black-color has-text-color\"><span class=\"has-inline-color has-vivid-green-cyan-color\">3<\/span> Jahre Rudel. Schon krass wie die Zeit verfliegt.<br>3 Jahre als Rudelmutti im Irrenhaus.<br>3 Jahre, in denen ich miterleben durfte, wie unsere J\u00fcngeren erwachsen werden und unsere Erwachsenen sich ver\u00e4ndern. Es ist immer wieder aufregend, wie sehr wir uns gegenseitig beeinflussen und wie sich jeder von uns ein St\u00fcck weiterentwickelt hat.<br>F\u00fcr mich ist das Rudel von Anfang an schon wie eine kleine Familie. Wir passen aufeinander auf, wollen f\u00fcr jeden immer nur das Beste und stehen auch in schlechten Zeiten immer zueinander. Puppys und Dogs, wie sie unterschiedlicher nicht sein k\u00f6nnten, und trotzdem hab ich auch nach den 3 Jahren immer noch das Gef\u00fchl des Zusammenhalts. Auch wenn es hier und da Zeiten gab, in denen vereinzelte Ausrei\u00dfer im Boot waren. Der harte Kern ist seit jeher geblieben.<\/p>\n\n\n\n<hr class=\"wp-block-separator\"\/>\n\n\n\n<p class=\"has-black-color has-text-color\"><span class=\"has-inline-color has-vivid-purple-color\">M<\/span>ein Zino. Ich glaube, zu dir brauche ich nicht viel sagen. Du bist und bleibst die gute Seele des Rudels. Du bremst mich, wenn ich doch mal etwas hochkoche. Du bist f\u00fcr alle da, wenn sie Hilfe brauchen. Und du bist \u00fcberhaupt du.<br>Wir teilen nicht immer alle Einstellungen aber wir beide erg\u00e4nzen uns sehr gut und haben es geschafft, so wundervolle Menschen an einem, wenn aktuell nur virtuellem Ort, zu versammeln. Danke f\u00fcr alles.<\/p>\n\n\n\n<hr class=\"wp-block-separator\"\/>\n\n\n\n<h2 class=\"has-text-align-center has-text-color wp-block-heading\" style=\"color:#f35d83\">Gormi<\/h2>\n\n\n\n<div class=\"wp-block-image\"><figure class=\"alignleft size-large is-resized\"><img loading=\"lazy\" decoding=\"async\" src=\"https:\/\/www.g-wie-gerry.de\/wp-content\/uploads\/2020\/11\/gormi.png\" alt=\"\" class=\"wp-image-3124\" width=\"185\" height=\"185\" srcset=\"https:\/\/g-wie-gerry.de\/wp-content\/uploads\/2020\/11\/gormi.png 1000w, https:\/\/g-wie-gerry.de\/wp-content\/uploads\/2020\/11\/gormi-300x300.png 300w, https:\/\/g-wie-gerry.de\/wp-content\/uploads\/2020\/11\/gormi-150x150.png 150w, https:\/\/g-wie-gerry.de\/wp-content\/uploads\/2020\/11\/gormi-768x768.png 768w\" sizes=\"(max-width: 185px) 100vw, 185px\" \/><\/figure><\/div>\n\n\n\n<p class=\"has-drop-cap has-black-color has-text-color\"><span style=\"color:#f35d83\" class=\"has-inline-color\">D<\/span>rei Jahre schon\u2026 uff, wir werden alt. Was als ein Dreier begann (h\u00f6h\u00f6) hat sich in drei Jahren mal eben verdreifacht. Und ist f\u00fcr mich zu einer wundervollen zweiten Familie geworden &lt;3.<br>Unser Rudel besteht aus lauter tollen Menschen, die mal mehr und mal weniger schreiben, aber dennoch immer zusammenhalten. Das macht eine, unsere, kleine Familie letztlich ja auch aus: Das alle f\u00fcreinander da sind, auch wenn man nicht 24\/7 in Kontakt steht.<br>Ich f\u00fcr meinen Teil bin einfach froh, dass wir uns haben. Nat\u00fcrlich gibt es auch mal holprigere Zeiten, aber am Ende stehen wir doch alle wieder zusammen. Und das macht mich gl\u00fccklich.<\/p>\n\n\n\n<p class=\"has-black-color has-text-color\">@Rudel: Ihr seid toll &lt;3<br>\u2026Ugh <em>sch\u00fcttel<\/em>, das war jetzt dann aber genug Schnulz bis zum n\u00e4chsten Jahr. Ich hoffe aber, dass ihr alle auch in den Genuss einer solchen Gemeinschaft kommen k\u00f6nnt \u2013 ich g\u00f6nne es wirklich jedem.<\/p>\n\n\n\n<hr class=\"wp-block-separator\"\/>\n\n\n\n<p class=\"has-black-color has-text-color\"><span class=\"has-inline-color has-vivid-purple-color\">M<\/span>it dir war es nicht immer einfach gewesen, da du doch ein kleiner Sturkopf sein kannst, der nicht immer mit Vernunft reagiert. Aber du hast auch einen Einfluss auf uns, der uns allen fehlen w\u00fcrde, denke ich, und ich w\u00fcrde es sehr schade finden, wenn dieser Einfluss pl\u00f6tzlich weg w\u00e4re.<br>Du nimmst, wenn auch nur virtuell, jeden in den Arm der es braucht. Auch wenn er es nicht m\u00f6chte. Aber innerlich sind die meisten von uns sicher froh, dass du uns deine Aufmerksamkeit schenkst, wenn es uns mal nicht so gut geht.<\/p>\n\n\n\n<hr class=\"wp-block-separator\"\/>\n\n\n\n<h2 class=\"has-text-align-center has-luminous-vivid-orange-color has-text-color wp-block-heading\">Nala<\/h2>\n\n\n\n<div class=\"wp-block-image\"><figure class=\"alignright size-large is-resized\"><img loading=\"lazy\" decoding=\"async\" src=\"https:\/\/www.g-wie-gerry.de\/wp-content\/uploads\/2020\/11\/Nala.png\" alt=\"\" class=\"wp-image-3128\" width=\"185\" height=\"185\" srcset=\"https:\/\/g-wie-gerry.de\/wp-content\/uploads\/2020\/11\/Nala.png 1000w, https:\/\/g-wie-gerry.de\/wp-content\/uploads\/2020\/11\/Nala-300x300.png 300w, https:\/\/g-wie-gerry.de\/wp-content\/uploads\/2020\/11\/Nala-150x150.png 150w, https:\/\/g-wie-gerry.de\/wp-content\/uploads\/2020\/11\/Nala-768x768.png 768w\" sizes=\"(max-width: 185px) 100vw, 185px\" \/><\/figure><\/div>\n\n\n\n<p class=\"has-drop-cap has-black-color has-text-color\"><span class=\"has-inline-color has-luminous-vivid-orange-color\">D<\/span>rei Jahre Rudel. Drei Jahre Gerrys Pack. Ich hab alle echt lieb gewonnen in der, doch manchmal echt sehr Turbulenten, Zeit. Jeder hat immer ein offenes Ohr f\u00fcr den anderen, wenn es was gibt, wo man jemanden braucht, und man steht sich mit Rat und Tat zur Seite. Wir teilen viele lustige Momente Miteinader, und auch wenn es dann doch mal kracht, rauft man sich immer wieder zusammen. Wie eine kleine Familie eben.<\/p>\n\n\n\n<p class=\"has-black-color has-text-color\">Bin Gerry &amp; Zino dankbar, dass sie uns als wilden Haufen so zusammen gebracht haben. Das alles m\u00f6chte ich wirklich nicht mehr missen. &lt;3<\/p>\n\n\n\n<hr class=\"wp-block-separator\"\/>\n\n\n\n<p class=\"has-black-color has-text-color\"><span class=\"has-inline-color has-vivid-purple-color\">U<\/span>nsere Rudeldame, die uns mit ihren abenteuerlichen K\u00fcchenunf\u00e4llen immer erst ein dogger4OMG und dann ein dogger4Hehe ins Gesicht zaubert. Du versuchst immer, uns ein L\u00e4cheln ins Gesicht zu zaubern, mit deinem immer sonnigen Gem\u00fct. Egal ob real oder nur textuell.<br>Du versuchst immer alles mitzubekommen und entsprechend f\u00fcr alle da zu sein. Trotz deine begrenzten Freizeit dogger4NotSure . Bleib wie du bist, meine s\u00fc\u00dfe.<\/p>\n\n\n\n<hr class=\"wp-block-separator\"\/>\n\n\n\n<h2 class=\"has-text-align-center has-text-color wp-block-heading\" style=\"color:#7ea03f\">Rick \/ Camo<\/h2>\n\n\n\n<div class=\"wp-block-image\"><figure class=\"alignleft size-large is-resized\"><img loading=\"lazy\" decoding=\"async\" src=\"https:\/\/www.g-wie-gerry.de\/wp-content\/uploads\/2020\/11\/Camo.png\" alt=\"\" class=\"wp-image-3122\" width=\"185\" height=\"185\" srcset=\"https:\/\/g-wie-gerry.de\/wp-content\/uploads\/2020\/11\/Camo.png 1000w, https:\/\/g-wie-gerry.de\/wp-content\/uploads\/2020\/11\/Camo-300x300.png 300w, https:\/\/g-wie-gerry.de\/wp-content\/uploads\/2020\/11\/Camo-150x150.png 150w, https:\/\/g-wie-gerry.de\/wp-content\/uploads\/2020\/11\/Camo-768x768.png 768w\" sizes=\"(max-width: 185px) 100vw, 185px\" \/><\/figure><\/div>\n\n\n\n<p class=\"has-drop-cap has-black-color has-text-color\"><span style=\"color:#7ea03f\" class=\"has-inline-color\">D<\/span>as Rudel ist eine Familie. Das stimmt und ich bin schon sehr lange ein Teil davon. Anfangs war ich noch ein sehr aktives Mitglied, aber ich habe viele Downs erlebt, was das Rudel auch einmal sehr stark mitbekommen hatte. Ich war an dem Abend auf der Arbeit und wurde zugespamt, mit besorgten Nachrichten und anrufen. Ich bin niemand, der \u00fcber seine Probleme redet und sie lieber verdr\u00e4ngt. Aber ich finds schon schade, dass ich das Rudel damit in Sorge versetzt habe.<br>Ich habe gesehen wie das Rudel gewachsen und wieder geschrumpft ist. Aber die Probleme die gemeinsam bek\u00e4mpft wurden, habe ich entweder nicht mitbekommen oder ignoriert weswegen ich mich jetzt nicht als gutes Teil der Familie bezeichne. Trotzdem haben sich durch meine Hilfe Menschen gefunden und lieben gelernt. Darauf kann man schon stolz sein irgendwie.<br>Ich wei\u00df aber jetzt auch gar nicht, was ich alles sagen soll, da ich mich von allem und jeden mal wieder abschotte und alles an mir vorbei ziehen lasse. Ich kann nur sagen, dass ich die Zeit genossen habe, wo ich einige aus dem Rudel getroffen habe, auch wenn meine Gedanken an die Zeit sehr schwammig in meinen Kopf sind. Bestimmt liegt es am Alkohol, den ich damals konsumiert habe.<\/p>\n\n\n\n<p class=\"has-black-color has-text-color\">Alles in allem ist das Rudel eine tolle Gruppe an Leuten, die ich alle gut leiden kann. Und sie unterst\u00fctzen sich alle untereinander und k\u00e4mpfen f\u00fcr den anderen wenn was passiert. Das sieht man selten bei Menschen.<\/p>\n\n\n\n<hr class=\"wp-block-separator\"\/>\n\n\n\n<p class=\"has-black-color has-text-color\"><span class=\"has-inline-color has-vivid-purple-color\">A<\/span>ch mein lieber Rick. Gibt es nicht in jeder Familie immer ein, zwei Menschen, die eher zur\u00fcckhaltend sind? Du bist deswegen kein schlechtes Familienmitglied. Wie auch andere, freuen wir uns, wenn du uns zeigst, dass du da bist. Ich f\u00fcr meinen Teil l\u00e4chele jedes Mal ein wenig, wenn du uns zeigst, dass es dir gut geht. Was du dir erarbeitet hast, und so weiter.<br>Und dir braucht es auch nicht leidtun, dass du uns mit deiner Stimmung nerven k\u00f6nntest. Denn daf\u00fcr sind wir da. Und egal wie tief irgendjemand von uns f\u00e4llt. Wir ziehen ihn gemeinsam wieder rauf. Du bist genauso ein Teil von uns, wie jeder andere auch. Ich kenne dich ja pers\u00f6nlich und du bist ein toller Mensch. Toller, als du selbst vielleicht manchmal denkst. dogger4Hug<\/p>\n\n\n\n<hr class=\"wp-block-separator\"\/>\n\n\n\n<h2 class=\"has-text-align-center has-text-color wp-block-heading\" style=\"color:#ff0000\">Hati<\/h2>\n\n\n\n<div class=\"wp-block-image\"><figure class=\"alignright size-large is-resized\"><img loading=\"lazy\" decoding=\"async\" src=\"https:\/\/www.g-wie-gerry.de\/wp-content\/uploads\/2020\/11\/Hati.png\" alt=\"\" class=\"wp-image-3126\" width=\"185\" height=\"185\" srcset=\"https:\/\/g-wie-gerry.de\/wp-content\/uploads\/2020\/11\/Hati.png 1000w, https:\/\/g-wie-gerry.de\/wp-content\/uploads\/2020\/11\/Hati-300x300.png 300w, https:\/\/g-wie-gerry.de\/wp-content\/uploads\/2020\/11\/Hati-150x150.png 150w, https:\/\/g-wie-gerry.de\/wp-content\/uploads\/2020\/11\/Hati-768x768.png 768w\" sizes=\"(max-width: 185px) 100vw, 185px\" \/><\/figure><\/div>\n\n\n\n<p class=\"has-drop-cap has-black-color has-text-color\"><span class=\"has-inline-color has-vivid-red-color\">I<\/span>ch bin vor \u00fcber zwei Jahren in das Rudel gekommen, weil Gerry mich einfach unverbl\u00fcmt gefragt hat, und meinte, dass ich gut hineinpassen w\u00fcrde. Ich war etwas \u00fcberrumpelt, weil dies sehr pl\u00f6tzlich kam. Ich war vorher noch nie in einem Rudel gewesen und wusste nicht so richtig, was mich erwarten w\u00fcrde. Man kann nicht sagen, dass ich einwilligte, eher wurde ich einfach von Gerry hinzugef\u00fcgt. Er wusste wohl, dass ich mich ansonsten sch\u00fcchtern zur\u00fcckziehen w\u00fcrde. dogger4NotSure<\/p>\n\n\n\n<p class=\"has-black-color has-text-color\">Ich wurde herzlichst als Theta von den anderen aufgenommen und hab mich sehr schnell in diesem Chaotenhaufen wohlgef\u00fchlt. Ich hab dadurch nicht nur Freunde gefunden, die immer zusammenhalten und sich gegenseitig helfen, sondern bin einer ganz bestimmten Person sehr nahegekommen, was ansonsten wohl nie passiert w\u00e4re.<\/p>\n\n\n\n<p class=\"has-black-color has-text-color\">Zusammen haben wir viel erlebt und zu Weihnachten auch ein ganzes Projekt zusammen auf die Beine gestellt. Es lief vielleicht nicht alles perfekt ab, aber mit dem Endergebnis k\u00f6nnen wir, denke ich, mehr als zufrieden sein.<\/p>\n\n\n\n<p class=\"has-black-color has-text-color\">Auch, wenn in der Zeit manche dazu gekommen und manche gegangen sind, kann ich sagen, dass es das beste Rudel auf der Welt ist.<\/p>\n\n\n\n<hr class=\"wp-block-separator\"\/>\n\n\n\n<p class=\"has-black-color has-text-color\"><span class=\"has-inline-color has-vivid-purple-color\">A<\/span>ch Hati. Was soll ich sagen. Ich wollte dich damals dabei haben. Auch wenn du nicht immer mit uns \u00fcbereingestimmt hast, hatte ich recht damit, dass du zu uns passt. Und das nun schon so lange. Und du hast immer deinen f\u00fcnf Cents zu irgendwas zuzugeben. Und wenn es nur ein dogger4Sip ist.<br>Aber auch du gibst allen etwas, was wir brauchen. Schnee (Und ich rede vom gefrorenem Wasser dogger4NotSure ). Und deine mit mir konkurrierende Dunkelheit. Und du wirst nie gewinnen. Aber das musst du auch nicht. Denn du bist, wie alle anderen auch, so perfekt, wie du schon bist.<\/p>\n\n\n\n<hr class=\"wp-block-separator\"\/>\n\n\n\n<h2 class=\"has-text-align-center has-light-green-cyan-color has-text-color wp-block-heading\"><strike>Dexter<\/strike><\/h2>\n\n\n\n<div class=\"wp-block-image\"><figure class=\"alignleft size-large is-resized\"><img loading=\"lazy\" decoding=\"async\" src=\"https:\/\/www.g-wie-gerry.de\/wp-content\/uploads\/2020\/11\/dexter.png\" alt=\"\" class=\"wp-image-3123\" width=\"185\" height=\"185\" srcset=\"https:\/\/g-wie-gerry.de\/wp-content\/uploads\/2020\/11\/dexter.png 1000w, https:\/\/g-wie-gerry.de\/wp-content\/uploads\/2020\/11\/dexter-300x300.png 300w, https:\/\/g-wie-gerry.de\/wp-content\/uploads\/2020\/11\/dexter-150x150.png 150w, https:\/\/g-wie-gerry.de\/wp-content\/uploads\/2020\/11\/dexter-768x768.png 768w\" sizes=\"(max-width: 185px) 100vw, 185px\" \/><\/figure><\/div>\n\n\n\n<p class=\"has-drop-cap has-black-color has-text-color\"><s><span class=\"has-inline-color has-light-green-cyan-color\">D<\/span>rei Jahre Gerrys Pack! Das sollte eigentlich gefeiert werden! Ich habe lange \u00fcberlegt, was ich schreibe und wie ich es schreibe, aber egal wie ich meine S\u00e4tze auch formuliere, es klingt immer nach \u00bbGeschleime\u00ab erster Klasse! Aber dann ist das halt so! Doch auch wenn ich einen eher stilleren Teil des Packs vertrete, will ich von euch niemanden mehr missen.<br>Ein Teil von Gerrys Pack zu sein bedeutet f\u00fcr mich, zu wissen, dass man f\u00fcr einander da ist. Zu wissen, dass man nicht nur als \u00bbfleisch\u00ab angesehen wird, wenn ihr versteht. Das Rudel, also ihr, seid absolut wundervoll! Jeder Einzelne von euch! Auf viele, viele weitere Jahre Gerrys Pack.\u00ab<\/s><\/p>\n\n\n\n<hr class=\"wp-block-separator\"\/>\n\n\n\n<p class=\"has-black-color has-text-color\"><s><span class=\"has-inline-color has-vivid-purple-color\">W<\/span>as hei\u00dft hier sollte? Wir feiern es doch gerade dogger4UwU . Jedenfalls: Ja du bist ein stiller Teil unseres Rudels. Aber ich wei\u00df, dass du aufmerksam verfolgst, was wir tun und dass wir dich als Mensch sehen. Egal wie du drauf bist. Du bist wertvoll f\u00fcr uns. Wir alle sind ein Team, wertvoll f\u00fceinander, und du bist dabei keine Ausnahme. dogger4Gib<\/s><\/p>\n\n\n\n<p>Dexter ist leider kein Bestandteil des Rudels mehr.<\/p>\n\n\n\n<hr class=\"wp-block-separator\"\/>\n\n\n\n<h2 class=\"has-text-align-center has-text-color wp-block-heading\" style=\"color:#8e6a26\">Haku<\/h2>\n\n\n\n<div class=\"wp-block-image\"><figure class=\"alignright size-large is-resized\"><img loading=\"lazy\" decoding=\"async\" src=\"https:\/\/www.g-wie-gerry.de\/wp-content\/uploads\/2020\/11\/Haku.png\" alt=\"\" class=\"wp-image-3125\" width=\"185\" height=\"185\" srcset=\"https:\/\/g-wie-gerry.de\/wp-content\/uploads\/2020\/11\/Haku.png 1000w, https:\/\/g-wie-gerry.de\/wp-content\/uploads\/2020\/11\/Haku-300x300.png 300w, https:\/\/g-wie-gerry.de\/wp-content\/uploads\/2020\/11\/Haku-150x150.png 150w, https:\/\/g-wie-gerry.de\/wp-content\/uploads\/2020\/11\/Haku-768x768.png 768w\" sizes=\"(max-width: 185px) 100vw, 185px\" \/><\/figure><\/div>\n\n\n\n<p class=\"has-drop-cap has-black-color has-text-color\"><span style=\"color:#8e6a26\" class=\"has-inline-color\">S<\/span>o viel kann ich dazu gar nicht sagen, weil a) ich bin erst ein paar Monate dabei und b) ist das mein erstes Rudel. Das hat leider auch Gr\u00fcnde.<\/p>\n\n\n\n<p class=\"has-black-color has-text-color\">Das f\u00fchre ich gerne mal kurz aus.<\/p>\n\n\n\n<p class=\"has-black-color has-text-color\">Ich mag schon den Begriff Rudel nicht. Weil dieser Begriff ist inzwischen so derma\u00dfen negativ behaftet f\u00fcr mich. Von dem, was man so von anderen Rudeln so mitbekommen hat, (sollte es bei euch anders sein, f\u00fchlt euch bitte nicht angesprochen), war mein erster Eindruck, dass ein Rudel in erste Linie erstmal eine streng hierarchisch geordnete Fickgemeinschaft ist. Ja, so kam es damals r\u00fcber, und oft auch heute noch. Der Alpha ist der Chef, und jeder der ins Rudel will, muss erstmal hinhalten. Rudelbumsen quasi. Jetzt denkt ihr vielleicht: \u00bbjaaaa \u00fcbertreib halt\u00ab. Nein, ich \u00fcbertreibe nicht. Oftgenug geh\u00f6rt und nebenbei mitbekommen. Zum Klarstellen: Es ist nat\u00fcrlich kein Problem wenn Leute innerhalb eines Rudels ihren Spa\u00df haben, auch auf sexueller ebene. Aber weder sollte man dies als \u00bbEignungstest\u00ab definieren, noch sollte dies der einzige Sinn eines Rudels sein. Ansonsten nennt euch bitte einfach Fickgemeinschaft. Das ist wenigstens ehrlich.<\/p>\n\n\n\n<p class=\"has-black-color has-text-color\">Doch kommen wir nun zu etwas V\u00d6LLIG anderem:<\/p>\n\n\n\n<p class=\"has-black-color has-text-color\">Gerrys Pack. Ich kannte Gerry schon ne Weile, bevor ich ins Rudel gekommen bin, und er hat immer ein offenes Ohr f\u00fcr mich gehabt, als es mir 2020 Juli bis September so richtig beschissen ging. (Nein, mit Corona hatte das nichts zu tun, ausnahmsweise). Und daf\u00fcr bin ich ihm sehr dankbar. Jedenfalls hat er mich in das Rudel aufgenommen, und es ist einfach ein Haufen netter Menschen und Wuffel. Kein Stress, keine wirkliche Hierarchie (im Sinne davon das man als Rudelmitglied f\u00fcr ALLES die Erlaubnis vom Alpha braucht, auch sowas gibts leider), kein Zwang f\u00fcr irgendwas. Aufgrund von Corona hab ich leider noch keinen pers\u00f6nlich kennenlernen d\u00fcrfen, aber ich freue mich schon sehr darauf. Wenn mal jemand schlecht drauf ist, ist eigentlich immer jemand da zum Schreiben. Ich hab auch immer und f\u00fcr jeden ein offenes Ohr, der irgendwie quatschen will, egal warum und wor\u00fcber. Viel mehr kann ich aufgrund der K\u00fcrze meines bisherigen Aufenthaltes nicht sagen. \ud83d\ude00<\/p>\n\n\n\n<p class=\"has-black-color has-text-color\">Die Meisten wissen auch, dass Gerry mal gerne auf die Kacke haut, und das zurecht. Seht ihr ja hier im Blog. Auch da gibt es keinerlei Zw\u00e4nge, dass man seiner Meinung sein muss (auch wenn das meistens der Fall ist, denn wir alle haben \u00e4hnliche Erfahrungen mit der \u00bbCommunity\u00ab gemacht).<br>SO funktioniert ein Rudel, DAS sollte die Definition eines Rudels sein, und nichts anderes.<\/p>\n\n\n\n<hr class=\"wp-block-separator\"\/>\n\n\n\n<p class=\"has-black-color has-text-color\"><span class=\"has-inline-color has-vivid-purple-color\">D<\/span>ein Text hat, glaube ich das lauteste, leise \u00bbnaaaaw\u00ab aus meinem K\u00f6rper entlockt, was es gibt. Denn dass du unser Rudel gerne als Definition h\u00e4ttest, ehrt das Rudel sehr. Jeden Einzelnen. Deine Bedenken bzgl. Rudel kannte ich ja und musste dich ja \u00fcberzeugen, dass wir nicht so sind.<br>Du hast das Rudel um eine wichtige Zutat erweitert und das hat nat\u00fcrlich zu einigen Reibungen gef\u00fchrt, die wir mit Bravour meistern Konten. Denn wir sind alle auf unsere Art und Weise Sturk\u00f6pfe und trotzdem haben wir uns gern. Und dein Text zeigt, wie gern du alle hast, und ich denke, du bist dir bewusst, dass wir dich auch gern haben. Selbst dann, wenn wir mal nicht einer Meinung sind.<\/p>\n\n\n\n<hr class=\"wp-block-separator\"\/>\n\n\n\n<h2 class=\"has-text-align-center has-vivid-red-color has-text-color wp-block-heading\">Ignis<\/h2>\n\n\n\n<div class=\"wp-block-image\"><figure class=\"alignleft size-large is-resized\"><img loading=\"lazy\" decoding=\"async\" src=\"https:\/\/www.g-wie-gerry.de\/wp-content\/uploads\/2020\/11\/Ignis.png\" alt=\"\" class=\"wp-image-3127\" width=\"185\" height=\"185\" srcset=\"https:\/\/g-wie-gerry.de\/wp-content\/uploads\/2020\/11\/Ignis.png 1000w, https:\/\/g-wie-gerry.de\/wp-content\/uploads\/2020\/11\/Ignis-300x300.png 300w, https:\/\/g-wie-gerry.de\/wp-content\/uploads\/2020\/11\/Ignis-150x150.png 150w, https:\/\/g-wie-gerry.de\/wp-content\/uploads\/2020\/11\/Ignis-768x768.png 768w\" sizes=\"(max-width: 185px) 100vw, 185px\" \/><\/figure><\/div>\n\n\n\n<p class=\"has-drop-cap has-black-color has-text-color\"><span class=\"has-inline-color has-vivid-red-color\">S<\/span>eit meiner Anfangszeit im Internet bin ich viel herum gekommen, meistens alleine herum gestreunert, in die eine oder andere Gruppe gestolpert, wo ich mich eine Weile breitgemacht hab.<br>Wirklich gehalten hat es mich aber nirgendwo, weil man sich doch irgendwo etwas Distanz zu anderen beibeh\u00e4lt und ich generell keine gr\u00f6\u00dferen Menschenansammlungen mag. So ging das einige Jahre, aber im Rudel ist es anders.<br>Sicherlich hab ich etwas Zeit daf\u00fcr gebraucht, alles und jeden vom Rande aus beobachtet, wie ich das immer tu. Auch wenn ich nicht zu allem meinen Senf dazu gebe, lese ich doch immer sch\u00f6n brav mit, weil mir niemand im Rudel wirklich komplett egal ist.<br>Insbesondere die nicht, die ich ab und an mal piesacke, denn ich \u00e4rgere, nur wen ich mag. Ich kann nat\u00fcrlich nur f\u00fcr mich sprechen, aber irgendwann wurden aus einem Haufen Fremden sowas wie eine kleine Familie. Und normalerweise gehen mir andere Leute sonst wo vorbei, also will das schon was hei\u00dfen. ~<\/p>\n\n\n\n<hr class=\"wp-block-separator\"\/>\n\n\n\n<p class=\"has-black-color has-text-color\"><span class=\"has-inline-color has-vivid-purple-color\">W<\/span>as f\u00fcr liebe Worte. Was viele nicht wissen ist, dass du das Rudel schon supportet hast, lange bevor du ein Mitglied wurdest. Und das geh\u00f6rt hier noch einmal hervorgehoben. Du sorgst immer wieder daf\u00fcr, dass Leute schmunzeln, auch wenn sie das nie zugeben w\u00fcrden dogger4Sip .<br>Ich mag es, wie du etwas anderen Wind in das Rudel gebracht hast, alleine nur weil du bist, wie du bist. Und auf das du so bleibst, wie du bist.<\/p>\n\n\n\n<hr class=\"wp-block-separator\"\/>\n\n\n\n<h2 class=\"has-text-align-center has-vivid-purple-color has-text-color wp-block-heading\">Gerry<\/h2>\n\n\n\n<div class=\"wp-block-image\"><figure class=\"alignright size-large is-resized\"><img decoding=\"async\" src=\"https:\/\/www.g-wie-gerry.de\/wp-content\/uploads\/2020\/11\/gerry-1.png\" alt=\"\" class=\"wp-image-3071\" width=\"185\" height=\"185\" srcset=\"https:\/\/g-wie-gerry.de\/wp-content\/uploads\/2020\/11\/gerry-1.png 1000w, https:\/\/g-wie-gerry.de\/wp-content\/uploads\/2020\/11\/gerry-1-300x300.png 300w, https:\/\/g-wie-gerry.de\/wp-content\/uploads\/2020\/11\/gerry-1-150x150.png 150w, https:\/\/g-wie-gerry.de\/wp-content\/uploads\/2020\/11\/gerry-1-768x768.png 768w\" sizes=\"(max-width: 185px) 100vw, 185px\" \/><\/figure><\/div>\n\n\n\n<p class=\"has-drop-cap has-black-color has-text-color\"><span class=\"has-inline-color has-vivid-purple-color\">U<\/span>nd nun bin ich dran. Zu jedem Einzelnen habe ich Worte gefunden. Worte die hoffentlich zeigen, wie wichtig jeder Einzelne f\u00fcr mich und f\u00fcr das Rudel ist. Wie einige von den liebsten Wuffeln der Welt schon erw\u00e4hnt haben, gab es Wuffel die uns eine Weile begleitet haben und gegangen wurden oder selbst gegangen sind.<br>Was mir von Anfang an wichtig war, ist ein respektvolles Verhalten. Leider haben sich nicht alle daran gehalten. Oder daf\u00fcr gesorgt, dass ich den Respekt verloren habe. Und das ist nicht so einfach. Vor allem, weil Zino immer daf\u00fcr sorgt, dass ich ruhig bleibe.<\/p>\n\n\n\n<p class=\"has-black-color has-text-color\">Es gibt tats\u00e4chlich eine Person, bei der mir der Abschied sehr schwerfiel, der aber notwendig war. An diesen Wuffel denke ich auch gerne zur\u00fcck. Zumindest an die positiven Dinge, auch wenn die negativen Dinge am Ende schwer einschlugen. Doch manchmal gehen Ansichten und Lebenswege sehr weit voneinander weg und zum Schutz des Ganzen, muss man Abschied nehmen.<br>Andere haben unser vertrauen missbraucht und uns sehr entt\u00e4uscht. Und bei mir ist es so, dass Entt\u00e4uschung durchaus schnell in die Tiefe geht. Und ich \u2026 verzeihe nur sehr, sehr schwer. Und oft auch gar nicht. So einfach ist das.<\/p>\n\n\n\n<p class=\"has-black-color has-text-color\">Aber puh. Drei Jahre habe ich fast t\u00e4glich Kontakt zu vielen Menschen, die mir etwas bedeuten. Jeder dieser Menschen ist etwas Besonderes und bereichert mein Leben jeder auf seine Weise (Ich verzichte aufs Gendern, weil alle wissen, dass sie gemeint sind). Ich kann alles bei diesen Menschen ausleben.<br>Das l\u00e4cheln, mir selten entspringt. Die helfende Pfote, die oft gebraucht wird. Das Bed\u00fcrfnis zu l\u00e4stern. Der Ratgeber, der wei\u00df, wo man was finden kann. Der Rettungsanker, der davor bewahrt abzurutschen. \u00dcber gemeinsames Vergangenes Philosophieren. Ernsthafte, tiefgr\u00fcndige Gespr\u00e4che f\u00fchren. Eine Familie, die ich nie mehr missen m\u00f6chte.<\/p>\n\n\n\n<p class=\"has-black-color has-text-color\">Drei Jahre voller Happiness, Traurigkeit, Wut. Wir haben alles durch. Wir waren froh, einander zu haben. Wir hatten auch mal die Schnauze voll voneinander. Wir reden miteinander und auch aneinander vorbei.<br>In drei Jahren ist viel passiert. Selbst wenn ich mich versuchen w\u00fcrde, an alles zu erinnern, w\u00fcrde ich das gar nicht mehr zusammenbekommen. Und vieles geh\u00f6rt hier nicht her. Aber \u2026<\/p>\n\n\n\n<p class=\"has-black-color has-text-color\">Liebste Rudelmitglieder. Ich danke euch alle f\u00fcr euer Vertrauen, welches ihr mir immer wieder schenkt. F\u00fcr eure Zeit, wenn ich mal in Jammerstimmung bin. Und auch daf\u00fcr, dass ihr euer Leben, egal welche Momente, mit mir teilen wollt.<br>Ich liebe euch alle, wie andere eine Familie lieben. Denn ihr, und das sollte euch bewusst werden, seid meine Familie. Und ich hoffe, dass wir in vielen Jahren noch eine Familie sind und alles miteinander teilen.<\/p>\n\n\n\n<p class=\"has-black-color has-text-color\">Und irgendwann, wenn Corona \u00fcberstanden ist, freue ich mich drauf, dass wir uns alle einmal sehen und eine sch\u00f6ne Zeit miteinander verbringen.<\/p>\n\n\n\n<p class=\"has-black-color has-text-color\">Ich verbeuge mich vor euch mit meinem tiefsten Respekt und Dankbarkeit.<br>Im Stillen hoffe ich, dass diese Familie noch ein wenig wachsen, aber nicht schrumpfen wird.<\/p>\n\n\n\n<p class=\"has-black-color has-text-color\">Gerry<\/p>","protected":false},"excerpt":{"rendered":"<p>Click here for english version Heute bin ich nicht allein. Denn heute, ist etwas ganz Besonderes. Und es gibt, neben [&hellip;]<\/p>\n","protected":false},"author":1,"featured_media":4512,"comment_status":"closed","ping_status":"open","sticky":false,"template":"","format":"standard","meta":{"_acf_changed":false,"site-sidebar-layout":"default","site-content-layout":"","ast-site-content-layout":"default","site-content-style":"default","site-sidebar-style":"default","ast-global-header-display":"","ast-banner-title-visibility":"","ast-main-header-display":"","ast-hfb-above-header-display":"","ast-hfb-below-header-display":"","ast-hfb-mobile-header-display":"","site-post-title":"","ast-breadcrumbs-content":"","ast-featured-img":"","footer-sml-layout":"","ast-disable-related-posts":"","theme-transparent-header-meta":"","adv-header-id-meta":"","stick-header-meta":"","header-above-stick-meta":"","header-main-stick-meta":"","header-below-stick-meta":"","astra-migrate-meta-layouts":"default","ast-page-background-enabled":"default","ast-page-background-meta":{"desktop":{"background-color":"var(--ast-global-color-5)","background-image":"","background-repeat":"repeat","background-position":"center center","background-size":"auto","background-attachment":"scroll","background-type":"","background-media":"","overlay-type":"","overlay-color":"","overlay-opacity":"","overlay-gradient":""},"tablet":{"background-color":"","background-image":"","background-repeat":"repeat","background-position":"center center","background-size":"auto","background-attachment":"scroll","background-type":"","background-media":"","overlay-type":"","overlay-color":"","overlay-opacity":"","overlay-gradient":""},"mobile":{"background-color":"","background-image":"","background-repeat":"repeat","background-position":"center center","background-size":"auto","background-attachment":"scroll","background-type":"","background-media":"","overlay-type":"","overlay-color":"","overlay-opacity":"","overlay-gradient":""}},"ast-content-background-meta":{"desktop":{"background-color":"var(--ast-global-color-4)","background-image":"","background-repeat":"repeat","background-position":"center center","background-size":"auto","background-attachment":"scroll","background-type":"","background-media":"","overlay-type":"","overlay-color":"","overlay-opacity":"","overlay-gradient":""},"tablet":{"background-color":"var(--ast-global-color-4)","background-image":"","background-repeat":"repeat","background-position":"center center","background-size":"auto","background-attachment":"scroll","background-type":"","background-media":"","overlay-type":"","overlay-color":"","overlay-opacity":"","overlay-gradient":""},"mobile":{"background-color":"var(--ast-global-color-4)","background-image":"","background-repeat":"repeat","background-position":"center center","background-size":"auto","background-attachment":"scroll","background-type":"","background-media":"","overlay-type":"","overlay-color":"","overlay-opacity":"","overlay-gradient":""}},"footnotes":""},"categories":[1],"tags":[],"class_list":["post-4510","post","type-post","status-publish","format-standard","has-post-thumbnail","hentry","category-old"],"acf":[],"_links":{"self":[{"href":"https:\/\/g-wie-gerry.de\/en\/wp-json\/wp\/v2\/posts\/4510","targetHints":{"allow":["GET"]}}],"collection":[{"href":"https:\/\/g-wie-gerry.de\/en\/wp-json\/wp\/v2\/posts"}],"about":[{"href":"https:\/\/g-wie-gerry.de\/en\/wp-json\/wp\/v2\/types\/post"}],"author":[{"embeddable":true,"href":"https:\/\/g-wie-gerry.de\/en\/wp-json\/wp\/v2\/users\/1"}],"replies":[{"embeddable":true,"href":"https:\/\/g-wie-gerry.de\/en\/wp-json\/wp\/v2\/comments?post=4510"}],"version-history":[{"count":1,"href":"https:\/\/g-wie-gerry.de\/en\/wp-json\/wp\/v2\/posts\/4510\/revisions"}],"predecessor-version":[{"id":12952,"href":"https:\/\/g-wie-gerry.de\/en\/wp-json\/wp\/v2\/posts\/4510\/revisions\/12952"}],"wp:featuredmedia":[{"embeddable":true,"href":"https:\/\/g-wie-gerry.de\/en\/wp-json\/wp\/v2\/media\/4512"}],"wp:attachment":[{"href":"https:\/\/g-wie-gerry.de\/en\/wp-json\/wp\/v2\/media?parent=4510"}],"wp:term":[{"taxonomy":"category","embeddable":true,"href":"https:\/\/g-wie-gerry.de\/en\/wp-json\/wp\/v2\/categories?post=4510"},{"taxonomy":"post_tag","embeddable":true,"href":"https:\/\/g-wie-gerry.de\/en\/wp-json\/wp\/v2\/tags?post=4510"}],"curies":[{"name":"wp","href":"https:\/\/api.w.org\/{rel}","templated":true}]}}