{"id":4380,"date":"2021-03-31T10:41:09","date_gmt":"2021-03-31T08:41:09","guid":{"rendered":"https:\/\/www.g-wie-gerry.de\/?p=4380"},"modified":"2025-12-13T23:56:46","modified_gmt":"2025-12-13T22:56:46","slug":"gerry-365-90-31-03-der-maerz-ist-fast-zu-ende-leben-mit-ekzem-und-der-schamgrenze","status":"publish","type":"post","link":"https:\/\/g-wie-gerry.de\/en\/gerry-365-90-31-03-der-maerz-ist-fast-zu-ende-leben-mit-ekzem-und-der-schamgrenze\/","title":{"rendered":"Gerry 365 #90: 31.03. \u2013 Der M\u00e4rz ist fast zu Ende, Leben mit Ekzem und der Schamgrenze"},"content":{"rendered":"<p class=\"has-cyan-bluish-gray-color has-text-color\"><a href=\"http:\/\/bit.ly\/DG365-90\">Click here for english version<\/a><\/p>\n\n\n\n<div class=\"wp-block-image\"><figure class=\"alignleft size-large is-resized\"><img decoding=\"async\" src=\"https:\/\/www.g-wie-gerry.de\/wp-content\/uploads\/2020\/11\/gerry-1.png\" alt=\"\" class=\"wp-image-3071\" width=\"185\" height=\"185\" srcset=\"https:\/\/g-wie-gerry.de\/wp-content\/uploads\/2020\/11\/gerry-1.png 1000w, https:\/\/g-wie-gerry.de\/wp-content\/uploads\/2020\/11\/gerry-1-300x300.png 300w, https:\/\/g-wie-gerry.de\/wp-content\/uploads\/2020\/11\/gerry-1-150x150.png 150w, https:\/\/g-wie-gerry.de\/wp-content\/uploads\/2020\/11\/gerry-1-768x768.png 768w\" sizes=\"(max-width: 185px) 100vw, 185px\" \/><\/figure><\/div>\n\n\n\n<p class=\"has-drop-cap has-black-color has-text-color\"><span class=\"has-inline-color has-vivid-cyan-blue-color\">D<\/span>er dritte Monat in diesem Projekt neigt sich dem Ende zu. Und weiterhin keine L\u00fccke in den Eintr\u00e4gen. Da ich immer nur 30 Tage die Summe von Zahlen einsehen kann, weil mir die Premiumversion von Statistiktools einfach zu teuer sind. Daher r\u00fccke ich heute schon mit den Zahlen raus. dogger4Notice<\/p>\n\n\n\n<p class=\"has-black-color has-text-color\">In den letzten 30 Tagen wurde meine Seite von 5.321 Mal von 2030 Besuchern aufgerufen. Das ist, im Vergleich zum Februar, wesentlich weniger. Und ich habe mal gegr\u00fcbelt. Der Februar war doch sehr rotlastig und das war vermutlich der Grund, warum Leute diesen Monat nicht so lesebereit waren.<br>Es ist faszinierend zu sehen, wie neutrale Zeiten weniger Aufrufe generiert. Menschen lieben es scheinbar mich leiden zu sehen dogger4Hehe .<\/p>\n\n\n\n<p class=\"has-black-color has-text-color\">Bis zum heutigen Tage, wurden diesen Monat 80 Kommentare verfasst. Und egal, ob das weniger oder mehr, als in den Monaten davor waren, freue ich mich immer \u00fcber diese Zahl. Denn es zeigt, dass ich Menschen erreiche. Ob es nun immer die gleichen sind (danke ihr knusprigen Menschen dogger4Luv ) oder Leute, die nur einmal Kommentieren (auch euch danke ihr ebenfalls knusprigen Menschen dogger4Hug ).<\/p>\n\n\n\n<p class=\"has-black-color has-text-color\">Warum poste ich eigentlich jeden Monat diese Zahlen? B\u00f6se Zungen w\u00fcrden behaupten, dass ich Werbung schalten will. Aber denen kann ich schonmal sagen: nope. Die Werbung, die ich mache, wird, wenn es sie gibt, entsprechend markiert. Und das ist nie passiert und wird vermutlich nie passieren dogger4Sip .<br>Und anderer Werbung ist in meinen Empfehlungen zu finden von Leuten, die ich mag und wirklich empfehlen kann. Daf\u00fcr bekomme ich prinzipiell nichts au\u00dfer ein verbales Dankesch\u00f6n. Und das reicht mir auch.<\/p>\n\n\n\n<p class=\"has-black-color has-text-color\">Also erfreut euch an den Zahlen und wir kommen zu einem eher \u2026 nicht so sch\u00f6nen Thema.<\/p>\n\n\n\n<h2 class=\"wp-block-heading\"><span class=\"has-inline-color has-black-color\">Leben mit Ekzem und der Schamgrenze<\/span><\/h2>\n\n\n\n<p class=\"has-black-color has-text-color\">Wenn es nach mir gehen w\u00fcrde, w\u00fcrde ich den Rest meines Lebens mit einer Maske rumrennen. Ich habe ein Ekzem im Gesicht und auch am Kopf. Was das ist? Lasst mich kurz Wikipedia zur Hilfe nehmen:<\/p>\n\n\n\n<blockquote class=\"wp-block-quote is-layout-flow wp-block-quote-is-layout-flow\"><p><span class=\"has-inline-color has-black-color\">Das Ekzem (Synonym Juckflechte; von griechisch \u1f14\u03ba\u03b6\u03b5\u03bc\u03b1 ekzema \u201aHerausbrodeln, Aufwallung\u2018) ist eine Gruppe entz\u00fcndlicher Hauterkrankungen, die sich in einer nicht-infekti\u00f6sen Entz\u00fcndungsreaktion der Haut \u00e4u\u00dfern. Ekzeme k\u00f6nnen durch verschiedene Ausl\u00f6ser hervorgerufen werden. Sie sind durch eine typische Abfolge von Hautreaktionen charakterisiert (Hautr\u00f6tung, Bl\u00e4schenbildung, N\u00e4ssen, Krustenbildung, Schuppung). Ekzeme werden nach unterschiedlichen Kriterien klassifiziert. Als Synonym wird h\u00e4ufig der weiter gefasste Begriff Dermatitis verwendet, welcher allerdings auch Hautentz\u00fcndungen umfasst, die nicht zu den Ekzemen z\u00e4hlen. Insbesondere im angloamerikanischen Sprachgebrauch wird bevorzugt die Bezeichnung dermatitis statt eczema benutzt. Auch in der Klassifikation nach ICD-10 erfolgt keine Unterscheidung zwischen den Bezeichnungen (siehe Tabelle).<\/span><\/p><cite>Quelle: https:\/\/de.wikipedia.org\/wiki\/Ekzem<\/cite><\/blockquote>\n\n\n\n<p class=\"has-black-color has-text-color\">Es gibt in der Kategorie Ekzeme sieben verschiedene Krankheitsbilder. Meines ist L21: Das seborrhoische Ekzem. Sehr unterhaltsam und noch viel angenehmer, als es klingt.<br>Dieses Ekzem tritt in der Regel bei S\u00e4uglingen in einem Alter unter drei Monaten auf und bei Kleinkindern um die vier Jahre. Es ist ein Pilz, der normalerweise heimisch auf unseren K\u00f6rpern ist (Ich sehe nun viele Menschen sich in Desinfektionsmitteln baden. Aber tut das bitte nicht.).<\/p>\n\n\n\n<p class=\"has-black-color has-text-color\">Auch tritt das Ekzem vermehrt bei Patienten mit erworbener Immundefizienz auf. Aids z. B. . Und nein. Ich bin nicht HIV-Positiv. Ich habe dieses Hautproblem bereits viele Jahre und erst letztes Jahr wurde es vern\u00fcnftig diagnostiziert. Und kurz davor, habe ich mich auf HIV testen lassen. Negativ.<br>Ich w\u00fcrde an dieser Stelle einfach nur sagen, dass ich Pech hatte. Und das Schlimme ist \u2026 es ist chronisch. Das hei\u00dft, es geht nicht mehr weg.<\/p>\n\n\n\n<p class=\"has-black-color has-text-color\">Ich habe schon immer ein Schuppenproblem am Kopf gehabt und egal, was ich nutzte, sie waren schneller wieder da, als ich gucken konnte. Mein erster Hautarzt meinte, als das im Gesicht anfing, dass es sich um einen Ausschlag handelte. Nichts Besonderes also.<br>Leider wurde es \u00fcber die Zeit schlimmer. Es bildeten sich Schuppen, die fast so gro\u00df sind, wie meine Fingerkuppe vom Zeigefinger. Und da ich wegen eines anderen Problems eh zum Hautarzt musste, hab ich das mit untersuchen lassen. Und was war? Es wurde mir mitgeteilt, was es ist.<\/p>\n\n\n\n<p class=\"has-black-color has-text-color\">Auf dem Besuch drauf wurde mir dann gesagt, dass es bleiben wird und ich es nur mit einer Salbe reduzieren kann. Oder ich nehme Cortison. Was ich aber verneint habe. Cortison ist nicht gut f\u00fcr die Haut.<br>Das Schlimme sind aber nicht nur die Schuppen. Das Jucken ist die H\u00f6lle. Und oft reibt und kratzt man sich wund und dann beginnen die Stellen auch zu n\u00e4ssen. Und es sieht wirklich schlimm aus.<\/p>\n\n\n\n<p class=\"has-black-color has-text-color\">Das ist auch der Grund, warum ich den Pelz in meinem Gesicht komplett abmachen, damit ich das Ausma\u00df des Desasters sehen kann. Au\u00dferdem salbt es sich besser ein und es klebt nichts am Bart.<br>Ich \u00fcberlege tats\u00e4chlich, um auch am Kopf ein wenig der Sache Herr zu werden, mir eine Glatze, oder was Glatzen\u00e4hnliches, zu scheren. Mit Haaren auf den Kopf, l\u00e4sst es sich sehr schwer eincremen. Aber damit warte ich tats\u00e4chlich bis zum n\u00e4chsten Hautarzt-Termin, der im April ist. Ich will, dass am Kopf, auch wenn es offensichtlich ist, nochmal untersuchen lassen und vielleicht gibt es auch Shampoos daf\u00fcr. Wer wei\u00df.<\/p>\n\n\n\n<p class=\"has-black-color has-text-color\">Jedenfalls ist dieses Ekzem der Grund, warum ich z. B. meine Hood nicht lange tragen kann. Es f\u00e4ngt einfach unheimlich an zu jucken und das Biotop, was sich darunter bildet, ist einfach nur unangenehm.<br>Zus\u00e4tzlich ist das Tragen dunkler Klamotten eine Qual geworden. Nach einer Stunde kann ich meine Brust abklopfen und Frau Holle spielen. Es schneit f\u00f6rmlich. Und es sieht halt einfach \u2026 \u00bbkrank\u00ab aus. Viele Leute denken auch, dass es ansteckend ist. Ist es aber nicht.<\/p>\n\n\n\n<p class=\"has-black-color has-text-color\">Auch ist dieses Ekzem einer der Gr\u00fcnde, warum ich mich, gerade als es schlimmer wurde, nicht mit neuen Leuten getroffen habe. Es ist mir unangenehm. Ich sehe aus, als w\u00fcrde meine Haut jeden Moment von meinen Knochen fallen.<br>Leute die unter diesem Ekzem leiden, zumindest ist das mein Eindruck und mein pers\u00f6nliches Empfinden, gehen nicht gerne unter (fremde) Leute. Der Anblick ist jetzt nicht so lecker und die Salbe hilft auch nur tempor\u00e4r und ungleichm\u00e4\u00dfig. Ich bin auch froh, dass es diese Woche wieder so schlimm wurde. In der Sp\u00e4tschicht sind eh nicht so viele Viewer da, und da st\u00f6rt es nicht, wenn die Facecam aus bleibt.<\/p>\n\n\n\n<p class=\"has-black-color has-text-color\">Ich w\u00fcnsche dieses Ekzem niemandem. Es brennt. Es juckt. Es n\u00e4sst. Und es mindert die Lebensqualit\u00e4t ungemein.<\/p>\n\n\n\n<p class=\"has-black-color has-text-color\">Ich w\u00fcnsche euch einen sch\u00f6nen Tag.<\/p>\n\n\n\n<p class=\"has-black-color has-text-color\">Gerry<\/p>","protected":false},"excerpt":{"rendered":"<p>Click here for english version Der dritte Monat in diesem Projekt neigt sich dem Ende zu. Und weiterhin keine L\u00fccke [&hellip;]<\/p>\n","protected":false},"author":1,"featured_media":4381,"comment_status":"closed","ping_status":"open","sticky":false,"template":"","format":"standard","meta":{"_acf_changed":false,"site-sidebar-layout":"default","site-content-layout":"","ast-site-content-layout":"default","site-content-style":"default","site-sidebar-style":"default","ast-global-header-display":"","ast-banner-title-visibility":"","ast-main-header-display":"","ast-hfb-above-header-display":"","ast-hfb-below-header-display":"","ast-hfb-mobile-header-display":"","site-post-title":"","ast-breadcrumbs-content":"","ast-featured-img":"","footer-sml-layout":"","ast-disable-related-posts":"","theme-transparent-header-meta":"","adv-header-id-meta":"","stick-header-meta":"","header-above-stick-meta":"","header-main-stick-meta":"","header-below-stick-meta":"","astra-migrate-meta-layouts":"default","ast-page-background-enabled":"default","ast-page-background-meta":{"desktop":{"background-color":"var(--ast-global-color-5)","background-image":"","background-repeat":"repeat","background-position":"center center","background-size":"auto","background-attachment":"scroll","background-type":"","background-media":"","overlay-type":"","overlay-color":"","overlay-opacity":"","overlay-gradient":""},"tablet":{"background-color":"","background-image":"","background-repeat":"repeat","background-position":"center center","background-size":"auto","background-attachment":"scroll","background-type":"","background-media":"","overlay-type":"","overlay-color":"","overlay-opacity":"","overlay-gradient":""},"mobile":{"background-color":"","background-image":"","background-repeat":"repeat","background-position":"center center","background-size":"auto","background-attachment":"scroll","background-type":"","background-media":"","overlay-type":"","overlay-color":"","overlay-opacity":"","overlay-gradient":""}},"ast-content-background-meta":{"desktop":{"background-color":"var(--ast-global-color-4)","background-image":"","background-repeat":"repeat","background-position":"center center","background-size":"auto","background-attachment":"scroll","background-type":"","background-media":"","overlay-type":"","overlay-color":"","overlay-opacity":"","overlay-gradient":""},"tablet":{"background-color":"var(--ast-global-color-4)","background-image":"","background-repeat":"repeat","background-position":"center center","background-size":"auto","background-attachment":"scroll","background-type":"","background-media":"","overlay-type":"","overlay-color":"","overlay-opacity":"","overlay-gradient":""},"mobile":{"background-color":"var(--ast-global-color-4)","background-image":"","background-repeat":"repeat","background-position":"center center","background-size":"auto","background-attachment":"scroll","background-type":"","background-media":"","overlay-type":"","overlay-color":"","overlay-opacity":"","overlay-gradient":""}},"footnotes":""},"categories":[1],"tags":[],"class_list":["post-4380","post","type-post","status-publish","format-standard","has-post-thumbnail","hentry","category-old"],"acf":[],"_links":{"self":[{"href":"https:\/\/g-wie-gerry.de\/en\/wp-json\/wp\/v2\/posts\/4380","targetHints":{"allow":["GET"]}}],"collection":[{"href":"https:\/\/g-wie-gerry.de\/en\/wp-json\/wp\/v2\/posts"}],"about":[{"href":"https:\/\/g-wie-gerry.de\/en\/wp-json\/wp\/v2\/types\/post"}],"author":[{"embeddable":true,"href":"https:\/\/g-wie-gerry.de\/en\/wp-json\/wp\/v2\/users\/1"}],"replies":[{"embeddable":true,"href":"https:\/\/g-wie-gerry.de\/en\/wp-json\/wp\/v2\/comments?post=4380"}],"version-history":[{"count":1,"href":"https:\/\/g-wie-gerry.de\/en\/wp-json\/wp\/v2\/posts\/4380\/revisions"}],"predecessor-version":[{"id":12973,"href":"https:\/\/g-wie-gerry.de\/en\/wp-json\/wp\/v2\/posts\/4380\/revisions\/12973"}],"wp:featuredmedia":[{"embeddable":true,"href":"https:\/\/g-wie-gerry.de\/en\/wp-json\/wp\/v2\/media\/4381"}],"wp:attachment":[{"href":"https:\/\/g-wie-gerry.de\/en\/wp-json\/wp\/v2\/media?parent=4380"}],"wp:term":[{"taxonomy":"category","embeddable":true,"href":"https:\/\/g-wie-gerry.de\/en\/wp-json\/wp\/v2\/categories?post=4380"},{"taxonomy":"post_tag","embeddable":true,"href":"https:\/\/g-wie-gerry.de\/en\/wp-json\/wp\/v2\/tags?post=4380"}],"curies":[{"name":"wp","href":"https:\/\/api.w.org\/{rel}","templated":true}]}}