{"id":2130,"date":"2017-02-27T12:47:16","date_gmt":"2017-02-27T11:47:16","guid":{"rendered":"http:\/\/www.sinnesbolognese.de\/?p=2130"},"modified":"2025-12-13T23:57:06","modified_gmt":"2025-12-13T22:57:06","slug":"des-taeters-nationalitaet","status":"publish","type":"post","link":"https:\/\/g-wie-gerry.de\/en\/des-taeters-nationalitaet\/","title":{"rendered":"Des T\u00e4ters Nationalit\u00e4t"},"content":{"rendered":"<p>\t\t\t\tEs war einmal in Heidelberg, 2017 sollte es gewesen sein, wo einst ein maskulines, von der Nationalit\u00e4t noch unbestimmtes, Individuum Passanten anf\u00e4hrt und, mit einem Messer bewaffnet, flieht.<br \/>\nEs gab verletzte und meines Wissens auch mindestens ein Ableben. Unser Land h\u00e4lt den Atem an und fragt sich\u202f&#8230;<br \/>\nAllen ernstes und ohne Schei\u00df, welcher Nationalit\u00e4t der T\u00e4ter angeh\u00f6rt. Ernsthaft? Haben wir nichts besseres zu tun, als nach der Nationalit\u00e4t dieses T\u00e4ters zu fragen? Seid ihr eigentlich bescheuert?<br \/>\nMich nervt die Aluhut-Gesellschaft inzwischen extrem.<\/p>\n<blockquote><p>Der Staat vergiftet uns<br \/>\nChemtrails machen uns dumm<br \/>\nImpfen raubt Kindern die Intelligenz<br \/>\nIslamisierung des Abendlandes<\/p><\/blockquote>\n<p>BlablablablaBLA! Haltet doch einfach mal die Fresse. Die Nationalit\u00e4t eines Verbrechers, sollte im ersten Moment ohne Belang bleiben. Es ist einfach zum Kotzen, wie Leute sogar anfangen die Polizei zu beleidigen, nur weil sie nicht das sagt, was ihr, werte Aluhut-Tr\u00e4ger, gerne lesen wollt.<br \/>\nInzwischen hat die \u00f6rtliche Polizei mitgeteilt, dass es sich um einen Deutschen handelt, welcher diese Tat ver\u00fcbt hat.<\/p>\n<blockquote><p>WAS????? EIN DEUTSCHER????? DAS KANN NICHT SEIN!!!!!!1111elfelfelfelf IM STAMMBAUM DES VERBRECHERS FINDET SICH BESTIMMT EIN ARSCH MIT MIGRATIONSHINTERGRUND<\/p><\/blockquote>\n<p>So, oder etwa in der Art, waren einige Reaktionen. In jedem unserer Stammb\u00e4ume w\u00fcrde man, fr\u00fcher oder sp\u00e4ter, auf Einwanderer sto\u00dfen. Aber um das zu wissen, m\u00fcsste man weiter denken k\u00f6nnen, als man schei\u00dfen kann.<br \/>\nWutb\u00fcrger sind davon \u00fcberzeugt, dass es sich beim T\u00e4ter um jemandem handelt, der einen Migrationshintergrund hat. Die Nationalit\u00e4t scheint das Wichtigste der Welt zu sein.<br \/>\nEs wurde sofort L\u00fcgenpresse gerufen und der Polizei wurde unterstellt, dass sie mit jener unter einer Decke stecke. Die Polizei soll doch die Fresse halten oder die Wahrheit sagen. Ja, solche Floskeln sind geflogen und ich hoffe inst\u00e4ndig, dass diese Menschen ihre Quittung daf\u00fcr bekommen.<br \/>\nDas Wutb\u00fcrgertum f\u00e4ngt an, sich in unsere Kultur einzubrennen. Nazis bekommen dadurch einen Aufschwung und Rassismus und Fremdenfeindlichkeit sind wieder auf dem Vormarsch. Rechte Medien machen unwissenden B\u00fcrgern wei\u00df, dass alle Migranten und Ausl\u00e4nder f\u00fcr aller unserer Ungl\u00fccke schuld sind. Menschen fangen dadurch an Randgruppen zu hassen oder ihnen abgeneigt zu sein.<br \/>\nEhrlich gesagt finde ich, dass unser Staat langsam gegen Wutb\u00fcrger und Co. KG. aggressiver vorgehen muss. Sie verbreiten Teil- oder Unwahrheiten und sorgen f\u00fcr massive Unruhen. Sie betreiben Hetze und akzeptieren keine Fakten. Wenn die Polizei sagt, der T\u00e4ter ist ein deutscher Staatsb\u00fcrger, dann wird es wohl so sein. Und niemand hat es sich anzuma\u00dfen, die Polizei zu beleidigen oder gar des L\u00fcgens zu unterstellen.<br \/>\nSie hat immer noch das Recht, Fakten zur\u00fcckzuhalten. Und keiner von euch besorgten Wutb\u00fcrgern hat das Recht, dies in Zweifel zu ziehen.<\/p>\n<h3>Die Nationalit\u00e4t spielt keine Rolle<\/h3>\n<p>Es spielt keine Rolle, welche Nationalit\u00e4t ein Verbrecher hat.\u00a0In einem anderen Blog erw\u00e4hnte ich bereits, dass Verbrechen immer schlimm sind und auch die Deutschen keine Unschuldsl\u00e4mmer sind. Ich w\u00fcrde still darauf wetten, dass die deutschen Staatsb\u00fcrger mehr Verbrechen in unserem Land begangen haben, als unsere\u00a0ausl\u00e4ndischen Mitb\u00fcrger.<br \/>\nUnd liebe Wutb\u00fcrgerspinner: das Internet ist, war und wird nie ein rechtsfreier Raum sein. Es gab bereits erfolgreiche Klagen wegen Volksverhetzung und Beleidigungen. Und diese waren weder billig noch ohne Konsequenzen. Ach und noch etwas: eure Arbeitgeber freuen sich bestimmt sehr dar\u00fcber, was ihr im Internet so alles schreibt. Auch Unternehmen googlen.<br \/>\nIch habe wirklich die Schnauze voll von solchen Menschen. Und ich schw\u00f6re bei allem was mir heilig ist: finde ich Wutb\u00fcrger in meiner Onlineliste, werden diese entsorgt. Es reicht! Werdet wieder normal und erkennt bewiesene Tatsachen an, ihr Spinner!\t\t<\/p>","protected":false},"excerpt":{"rendered":"<p>Es war einmal in Heidelberg, 2017 sollte es gewesen sein, wo einst ein maskulines, von der Nationalit\u00e4t noch unbestimmtes, Individuum [&hellip;]<\/p>\n","protected":false},"author":1,"featured_media":41,"comment_status":"closed","ping_status":"open","sticky":false,"template":"","format":"standard","meta":{"_acf_changed":false,"site-sidebar-layout":"default","site-content-layout":"","ast-site-content-layout":"default","site-content-style":"default","site-sidebar-style":"default","ast-global-header-display":"","ast-banner-title-visibility":"","ast-main-header-display":"","ast-hfb-above-header-display":"","ast-hfb-below-header-display":"","ast-hfb-mobile-header-display":"","site-post-title":"","ast-breadcrumbs-content":"","ast-featured-img":"","footer-sml-layout":"","ast-disable-related-posts":"","theme-transparent-header-meta":"","adv-header-id-meta":"","stick-header-meta":"","header-above-stick-meta":"","header-main-stick-meta":"","header-below-stick-meta":"","astra-migrate-meta-layouts":"default","ast-page-background-enabled":"default","ast-page-background-meta":{"desktop":{"background-color":"var(--ast-global-color-5)","background-image":"","background-repeat":"repeat","background-position":"center center","background-size":"auto","background-attachment":"scroll","background-type":"","background-media":"","overlay-type":"","overlay-color":"","overlay-opacity":"","overlay-gradient":""},"tablet":{"background-color":"","background-image":"","background-repeat":"repeat","background-position":"center center","background-size":"auto","background-attachment":"scroll","background-type":"","background-media":"","overlay-type":"","overlay-color":"","overlay-opacity":"","overlay-gradient":""},"mobile":{"background-color":"","background-image":"","background-repeat":"repeat","background-position":"center center","background-size":"auto","background-attachment":"scroll","background-type":"","background-media":"","overlay-type":"","overlay-color":"","overlay-opacity":"","overlay-gradient":""}},"ast-content-background-meta":{"desktop":{"background-color":"var(--ast-global-color-4)","background-image":"","background-repeat":"repeat","background-position":"center center","background-size":"auto","background-attachment":"scroll","background-type":"","background-media":"","overlay-type":"","overlay-color":"","overlay-opacity":"","overlay-gradient":""},"tablet":{"background-color":"var(--ast-global-color-4)","background-image":"","background-repeat":"repeat","background-position":"center center","background-size":"auto","background-attachment":"scroll","background-type":"","background-media":"","overlay-type":"","overlay-color":"","overlay-opacity":"","overlay-gradient":""},"mobile":{"background-color":"var(--ast-global-color-4)","background-image":"","background-repeat":"repeat","background-position":"center center","background-size":"auto","background-attachment":"scroll","background-type":"","background-media":"","overlay-type":"","overlay-color":"","overlay-opacity":"","overlay-gradient":""}},"footnotes":""},"categories":[1],"tags":[],"class_list":["post-2130","post","type-post","status-publish","format-standard","has-post-thumbnail","hentry","category-old"],"acf":[],"_links":{"self":[{"href":"https:\/\/g-wie-gerry.de\/en\/wp-json\/wp\/v2\/posts\/2130","targetHints":{"allow":["GET"]}}],"collection":[{"href":"https:\/\/g-wie-gerry.de\/en\/wp-json\/wp\/v2\/posts"}],"about":[{"href":"https:\/\/g-wie-gerry.de\/en\/wp-json\/wp\/v2\/types\/post"}],"author":[{"embeddable":true,"href":"https:\/\/g-wie-gerry.de\/en\/wp-json\/wp\/v2\/users\/1"}],"replies":[{"embeddable":true,"href":"https:\/\/g-wie-gerry.de\/en\/wp-json\/wp\/v2\/comments?post=2130"}],"version-history":[{"count":1,"href":"https:\/\/g-wie-gerry.de\/en\/wp-json\/wp\/v2\/posts\/2130\/revisions"}],"predecessor-version":[{"id":13128,"href":"https:\/\/g-wie-gerry.de\/en\/wp-json\/wp\/v2\/posts\/2130\/revisions\/13128"}],"wp:featuredmedia":[{"embeddable":true,"href":"https:\/\/g-wie-gerry.de\/en\/wp-json\/wp\/v2\/media\/41"}],"wp:attachment":[{"href":"https:\/\/g-wie-gerry.de\/en\/wp-json\/wp\/v2\/media?parent=2130"}],"wp:term":[{"taxonomy":"category","embeddable":true,"href":"https:\/\/g-wie-gerry.de\/en\/wp-json\/wp\/v2\/categories?post=2130"},{"taxonomy":"post_tag","embeddable":true,"href":"https:\/\/g-wie-gerry.de\/en\/wp-json\/wp\/v2\/tags?post=2130"}],"curies":[{"name":"wp","href":"https:\/\/api.w.org\/{rel}","templated":true}]}}