{"id":2071,"date":"2016-07-23T10:21:28","date_gmt":"2016-07-23T08:21:28","guid":{"rendered":"http:\/\/www.sinnesbolognese.de\/?p=2071"},"modified":"2025-12-13T23:57:06","modified_gmt":"2025-12-13T22:57:06","slug":"pray-for-the-world-and-for-us","status":"publish","type":"post","link":"https:\/\/g-wie-gerry.de\/en\/pray-for-the-world-and-for-us\/","title":{"rendered":"Pray for&#8230;.. the world &#8230; and for us"},"content":{"rendered":"<h3>F\u00fcr was nutzen wir eigentlich &#8218;Pray&#8216;?<\/h3>\n<p>Pray for Paris&#8230; for brussels&#8230; for Ecuador&#8230;. for munich&#8230; und es wird nicht besser. Wir beten f\u00fcr alle L\u00e4nder \u00fcber welche die Medien Berichten aufgrund von Amokl\u00e4ufen oder Terroranschl\u00e4gen. Wir beten f\u00fcr die Leute, die Ihre\u00a0Leben verloren haben oder f\u00fcr Jene, die sich um ihre Liebsten sorgen.<br \/>\nEs wird daf\u00fcr gebetet, dass diese schlimmen Dinge aufh\u00f6ren. Keine Terroranschl\u00e4ge mehr. Keine Amokl\u00e4ufe. Die Menschen wollen das nicht. Im Gegenteil: es wird sich Frieden gew\u00fcnscht. Daher wird das Wort &#8218;Pray&#8216; schon fast abgenutzt. Wie die alten Prediger es taten. &#8222;Betet zu Gott und ihr werdet erh\u00f6rt werden.&#8220; Die Menschheit glaubt daran dass es Trost spendet und den betroffenen hilft, ihren Verlust zu betrauern. Es zeugt von Menschlichkeit&#8230; nicht.<\/p>\n<h3>Pray hilft nicht. Nur handeln!<\/h3>\n<p>Sei&#8217;s drum. Wir alle wissen, dass beten momentan das ist, was am wenigsten hilft. Was nicht in unserer eigenen Stadt ist, betrifft uns einfach mal nicht direkt. Wir sehen den Handlungsbedarf bei anderen. Bei den Politikern. Den in den anderen St\u00e4dten lebenden Menschen.<br \/>\nNicht bei uns.<br \/>\nIn letzter Zeit lese ich oft, unter den Kommentaren von entsprechenden Beitr\u00e4gen, Dinge wie &#8218;Schei\u00df Einwanderungspolitik&#8216; oder &#8218;Raus mit den Fl\u00fcchtlingen&#8216;. Die Medien wollen, dass wir genau das sagen. Warum? Es lenkt von den Missst\u00e4nden des eigenen Ortes ab.<br \/>\nKeiner sieht mehr, dass in der Tankstelle 3 Wohnbl\u00f6cke weiter ein bewaffneter Raub\u00fcberfall von einem durchgef\u00fchrt wurde, der einfach keine andere L\u00f6sung sah, um sich seine Gl\u00e4ubiger vom Leib zu halten.<br \/>\nKeiner berichtet von der armen alten Frau die, aufgrund der schnellen Zeit, versehentlich die Treppe runter geschubst wurde, sich ein Bein brach und ihr Leben noch weiter erschwert wurde. nur weil wir so mit uns selbst besch\u00e4ftigt sind und unsere Umgebung nicht mehr wahrnehmen.<br \/>\nNiemand berichtet mehr \u00fcber hungernde Kinder in unserem Land deren Eltern einfach unf\u00e4hig sind f\u00fcr sie zu sorgen. Oder wo unsere \u00c4mter einfach nicht aufmerksam genug sind.<br \/>\nAufgrund der Zust\u00e4nde in dieser Welt, werden wir \u00fcberflutet von Todesmeldungen, Amokl\u00e4ufe und andere Katastrophen in anderen L\u00e4ndern, sodass wir unsere eigenen Katastrophen nicht mehr wahrnehmen.<\/p>\n<h3>Es liegt nicht immer an der Politik<\/h3>\n<p>Ich kann es langsam nicht mehr Lesen, dass z.B. Angela Merkel Schuld an allem ist. Kehrt man zur Wurzel zur\u00fcck, ist unser Land selbst schuld. Wir <a href=\"http:\/\/www.sinnesbolognese.de\/unsere-fucking-buergerpflicht-wahlen\/\">w\u00e4hlen<\/a> jene, die f\u00fcr uns Entscheidungen treffen. Und sind wir doch einmal Ehrlich: das einzige was uns vor Zuwanderung sch\u00fctzt, w\u00e4re eine 10 Meter hohe Mauer um unser Land. Wer aus Angst einreisen will, der findet einen Weg sich einzuschleusen. Und eine Mauer will ich&#8230;. wollen wir nicht.<br \/>\nUnser Land sollte so vielf\u00e4ltig bleiben wie es ist und eine Mauer w\u00fcrde diese Vielf\u00e4ltigkeit einfach nur ruinieren. Es w\u00e4re ein R\u00fcckschritt in den WWII.<br \/>\nDie Politiker kommen oft gar nicht mit den Ansturm zurecht. So etwas kommt nicht immer schleichend. Sondern pl\u00f6tzlich. Und oft ist es ein Strom der nicht zu enden scheint, weil es in anderen L\u00e4ndern einfach noch gr\u00f6\u00dfere Missst\u00e4nde gibt. Aber f\u00fcr diese L\u00e4nder benutzen wir kein &#8218;pray for&#8230;&#8216;.<br \/>\nNur wenige beten f\u00fcr Afrika, wo jeden Tag unz\u00e4hlige Menschen sterben wegen Nahrungsmangel, Krankheiten oder schlimmeres. Selten betet jemand f\u00fcr die sich prostituierenden Kinder in anderen L\u00e4nder die es tun, um zu \u00fcberleben. Ihnen sollte unsere Anteilnahme auch geb\u00fchren. Aber die Medien berichten davon nicht (mehr) in dem Ausma\u00dfe, wie es n\u00f6tig ist. Nur durch Spendenorganisationen werden wir darauf Aufmerksam gemacht.<br \/>\nUnd das ist das, wof\u00fcr wir beten sollten.<\/p>\n<h3>Ein wenig Philosophie: Pray for&#8230;<\/h3>\n<p>In letzter Zeit kursiert ein Bild auf Facebook, welches ungef\u00e4hr wie folgt ist:<br \/>\n&#8222;Jeden Abend nehme ich meinen Globus in die Hand, streichle und frage ihn: &#8218;Wo tut es weh meine Liebe?&#8216;<br \/>\n&#8218;\u00dcberall&#8220; fl\u00fcstert er. &#8218;\u00dcberall'&#8220;<br \/>\nIch kenne den Urheber dieses Bildes nicht aber er soll wissen, dass ich ihm dankbar f\u00fcr dieses Bild bin. Neben den gestrigen Anschlag auf M\u00fcnchen, war dieses Bild meine Inspiration f\u00fcr diesen Eintrag.<br \/>\nVon au\u00dfen sieht unsere Welt bestimmt noch sch\u00f6n aus. Blaues Meer und gr\u00fcne Fl\u00e4chen. Doch unsere Welt zerbricht. Langsam. Sie beginnt, wie eine Kugel aus Glas welche auf den Boden f\u00e4llt, zu splittern. Wir f\u00fchren sinnlose Kriege und jeden Tag sterben unz\u00e4hlige Menschen.<br \/>\nJeden Tag verlieren Familien ihre M\u00fctter, V\u00e4ter und Kinder. Die Menschheit verliert ihre Hoffnung, dass alles wieder gut wird.<br \/>\nIch m\u00f6chte keinen der vergangenen Anschl\u00e4ge verharmlosen. Jeder ist auf seine Art schrecklich gewesen.<br \/>\nEin Anschlag ist kein Vergleich zu dem Was in der ganzen Welt jeden Tag passiert. Und noch schlimmer ist, was wir dagegen tun. Nichts. Und ich nehme mich dabei nicht aus. Vermutlich schreibe ich diesen Beitrag, um mich in irgendeiner Form besser zu f\u00fchlen. Vielleicht aber auch um meine innere Traurigkeit \u00fcber unsere Welt nach au\u00dfen zu tragen. Oder auch aus Angst, dass uns bald viel schlimmeres Erwartet und in der Hoffnung, dass dieser Text auch nur ein wenig davon abwenden k\u00f6nnte.<\/p>\n<h3>Wir k\u00f6nnen sie retten<\/h3>\n<p>Um die Welt heilen zu k\u00f6nnen, muss jeder Mensch seine eigenen Bed\u00fcrfnisse zur\u00fcckstellen und Jeder Mensch muss daran mitarbeiten, dass es besser wird.<br \/>\nKriege, politische Auseinandersetzungen und Gewalt sind keine guten L\u00f6sungsans\u00e4tze. Im Gegenteil: sie sorgen daf\u00fcr, dass die Welt noch mehr leidet. Und ich meine damit nicht zwangsweise unseren Planeten. Ich meine die Menschen in der Gesamtheit. Die &#8222;gl\u00fccklich&#8220; lebenden, die verfolgten, die Armen, die Reichen. Ich meine jeden einzelnen, noch so kleinen, Menschen auf unserer sch\u00f6nen Erde.<br \/>\nUnd wenn diese Probleme so gut wie m\u00f6glich gel\u00f6st sind, sollte man sich um unsere Heimat sorgen: der blaue Planet.<br \/>\nIn diesem Sinne: betet nicht f\u00fcr eine Stadt oder ein Land. Auch nicht f\u00fcr einen Menschen. Wir sollten alle gemeinsam f\u00fcr eine Sache beten:<\/p>\n<h2 style=\"text-align: center;\">Pray for the world<\/h2>\n<figure id=\"attachment_2072\" aria-describedby=\"caption-attachment-2072\" style=\"width: 1000px\" class=\"wp-caption aligncenter\"><img fetchpriority=\"high\" decoding=\"async\" class=\"wp-image-2072 size-full\" src=\"http:\/\/g-wie-gerry.de\/wp-content\/uploads\/2016\/07\/pftw.jpg\" alt=\"Bildquelle (Ohne Text): pixabay.com\" width=\"1000\" height=\"466\" srcset=\"https:\/\/g-wie-gerry.de\/wp-content\/uploads\/2016\/07\/pftw.jpg 1000w, https:\/\/g-wie-gerry.de\/wp-content\/uploads\/2016\/07\/pftw-300x140.jpg 300w, https:\/\/g-wie-gerry.de\/wp-content\/uploads\/2016\/07\/pftw-768x358.jpg 768w\" sizes=\"(max-width: 1000px) 100vw, 1000px\" \/><figcaption id=\"caption-attachment-2072\" class=\"wp-caption-text\">Bildquelle (Ohne Text): pixabay.com<\/figcaption><\/figure>","protected":false},"excerpt":{"rendered":"<p>F\u00fcr was nutzen wir eigentlich &#8218;Pray&#8216;? Pray for Paris&#8230; for brussels&#8230; for Ecuador&#8230;. for munich&#8230; und es wird nicht besser. [&hellip;]<\/p>\n","protected":false},"author":1,"featured_media":2072,"comment_status":"closed","ping_status":"open","sticky":false,"template":"","format":"standard","meta":{"_acf_changed":false,"site-sidebar-layout":"default","site-content-layout":"","ast-site-content-layout":"default","site-content-style":"default","site-sidebar-style":"default","ast-global-header-display":"","ast-banner-title-visibility":"","ast-main-header-display":"","ast-hfb-above-header-display":"","ast-hfb-below-header-display":"","ast-hfb-mobile-header-display":"","site-post-title":"","ast-breadcrumbs-content":"","ast-featured-img":"","footer-sml-layout":"","ast-disable-related-posts":"","theme-transparent-header-meta":"","adv-header-id-meta":"","stick-header-meta":"","header-above-stick-meta":"","header-main-stick-meta":"","header-below-stick-meta":"","astra-migrate-meta-layouts":"default","ast-page-background-enabled":"default","ast-page-background-meta":{"desktop":{"background-color":"var(--ast-global-color-5)","background-image":"","background-repeat":"repeat","background-position":"center center","background-size":"auto","background-attachment":"scroll","background-type":"","background-media":"","overlay-type":"","overlay-color":"","overlay-opacity":"","overlay-gradient":""},"tablet":{"background-color":"","background-image":"","background-repeat":"repeat","background-position":"center center","background-size":"auto","background-attachment":"scroll","background-type":"","background-media":"","overlay-type":"","overlay-color":"","overlay-opacity":"","overlay-gradient":""},"mobile":{"background-color":"","background-image":"","background-repeat":"repeat","background-position":"center center","background-size":"auto","background-attachment":"scroll","background-type":"","background-media":"","overlay-type":"","overlay-color":"","overlay-opacity":"","overlay-gradient":""}},"ast-content-background-meta":{"desktop":{"background-color":"var(--ast-global-color-4)","background-image":"","background-repeat":"repeat","background-position":"center center","background-size":"auto","background-attachment":"scroll","background-type":"","background-media":"","overlay-type":"","overlay-color":"","overlay-opacity":"","overlay-gradient":""},"tablet":{"background-color":"var(--ast-global-color-4)","background-image":"","background-repeat":"repeat","background-position":"center center","background-size":"auto","background-attachment":"scroll","background-type":"","background-media":"","overlay-type":"","overlay-color":"","overlay-opacity":"","overlay-gradient":""},"mobile":{"background-color":"var(--ast-global-color-4)","background-image":"","background-repeat":"repeat","background-position":"center center","background-size":"auto","background-attachment":"scroll","background-type":"","background-media":"","overlay-type":"","overlay-color":"","overlay-opacity":"","overlay-gradient":""}},"footnotes":""},"categories":[1],"tags":[],"class_list":["post-2071","post","type-post","status-publish","format-standard","has-post-thumbnail","hentry","category-old"],"acf":[],"_links":{"self":[{"href":"https:\/\/g-wie-gerry.de\/en\/wp-json\/wp\/v2\/posts\/2071","targetHints":{"allow":["GET"]}}],"collection":[{"href":"https:\/\/g-wie-gerry.de\/en\/wp-json\/wp\/v2\/posts"}],"about":[{"href":"https:\/\/g-wie-gerry.de\/en\/wp-json\/wp\/v2\/types\/post"}],"author":[{"embeddable":true,"href":"https:\/\/g-wie-gerry.de\/en\/wp-json\/wp\/v2\/users\/1"}],"replies":[{"embeddable":true,"href":"https:\/\/g-wie-gerry.de\/en\/wp-json\/wp\/v2\/comments?post=2071"}],"version-history":[{"count":1,"href":"https:\/\/g-wie-gerry.de\/en\/wp-json\/wp\/v2\/posts\/2071\/revisions"}],"predecessor-version":[{"id":13140,"href":"https:\/\/g-wie-gerry.de\/en\/wp-json\/wp\/v2\/posts\/2071\/revisions\/13140"}],"wp:featuredmedia":[{"embeddable":true,"href":"https:\/\/g-wie-gerry.de\/en\/wp-json\/wp\/v2\/media\/2072"}],"wp:attachment":[{"href":"https:\/\/g-wie-gerry.de\/en\/wp-json\/wp\/v2\/media?parent=2071"}],"wp:term":[{"taxonomy":"category","embeddable":true,"href":"https:\/\/g-wie-gerry.de\/en\/wp-json\/wp\/v2\/categories?post=2071"},{"taxonomy":"post_tag","embeddable":true,"href":"https:\/\/g-wie-gerry.de\/en\/wp-json\/wp\/v2\/tags?post=2071"}],"curies":[{"name":"wp","href":"https:\/\/api.w.org\/{rel}","templated":true}]}}